{"id":7022,"date":"2024-10-26T08:51:24","date_gmt":"2024-10-26T07:51:24","guid":{"rendered":"https:\/\/makarska-info.hr\/?p=7022"},"modified":"2024-10-26T09:08:39","modified_gmt":"2024-10-26T08:08:39","slug":"apfel-arena-makarska-half-marathon","status":"publish","type":"post","link":"https:\/\/makarska-info.hr\/en\/apfel-arena-makarska-half-marathon\/","title":{"rendered":"Apfel Arena Makarska Half Marathon"},"content":{"rendered":"<p><strong>U subotu, 26.10., i nedjelju, 27. 10.<\/strong>, odr\u017eava se tre\u0107i po redu <strong>Apfel Arena Makarska Half Maraton!<\/strong> Prvog dana donosi nam utrku na pet kilometara i dje\u010dje utrke, a drugi dan rezerviran je za polumaraton i \u0161tafetni polumaraton. Cjelokupna manifestacija <strong>humanitarnog je karaktera<\/strong> s ciljem podr\u017eavanja <strong>Lige protiv raka Makarska rivijera<\/strong> i <strong>Udruge osoba s invaliditetom Sunce<\/strong>. Ove godine natjecatelji dolaze iz vi\u0161e od 27 zemalja sa \u010dak 5 kontinenata!<\/p>\n\n\n\n<figure class=\"wp-block-image size-large has-custom-border\"><img decoding=\"async\" src=\"https:\/\/makarska-info.hr\/wp-content\/uploads\/2024\/10\/464461803_122137530590334821_5009546097906241905_n-1024x1024.jpg\" alt=\"\" class=\"has-border-color wp-image-7023\" style=\"border-color:#005181;border-width:5px\"\/><\/figure>\n\n\n\n<p><strong>26. listopada, u subotu <\/strong>odr\u017eava se Utrka gra\u0111ana na 5 km, a start je na Makarskoj rivi.<\/p>\n\n\n\n<p>\ud83d\udd34Od rive se kre\u0107e prema Osejavi, potom uz sportski centar prema kru\u017enom toku kraj Spot Malla. Nakon skretanja ulijevo nastavljamo Ulicom Stjepana Ivi\u010devi\u0107a i Ante Star\u010devi\u0107a prema kolodvoru.<\/p>\n\n\n\n<p>\ud83d\udd35 Na rotoru ispod kolodvora skre\u0107emo Ulicom Kralja Zvonimira i nastavljamo do kri\u017eanja s Ulicom Kralja Petra Kre\u0161imira IV.<\/p>\n\n\n\n<p>\ud83d\udfe2 Nakon 200-tinjak metara skre\u0107emo Ulicom Ru\u0111era Bo\u0161kovi\u0107a i izlazimo na makarsku \u0161etnicu, prolazimo kroz Pe\u0161keru i sti\u017eemo natrag na rivu.<\/p>\n\n\n\n<p>\ud83d\udd34 Prolaskom preko rive ostavljamo na\u0161e trka\u010de na 3km te nastavljamo dalje preko Osejave i pored sportskog centra, sve do cilja ispred Apfel Arene!<\/p>\n\n\n\n<figure class=\"wp-block-image size-large has-custom-border\"><img decoding=\"async\" src=\"https:\/\/makarska-info.hr\/wp-content\/uploads\/2024\/10\/464154835_511664848374266_269576799074183193_n-1024x1024.jpg\" alt=\"\" class=\"has-border-color wp-image-7024\" style=\"border-color:#003757;border-width:5px\"\/><\/figure>\n\n\n\n<p>Za sve ostale informacije o doga\u0111aju posjetite dru\u0161tvene mre\u017ee organizatora i podr\u017eimo zajedno jo\u0161 jednu manifestaciju humanitarnog karaktera!<\/p>\n\n\n\n<ul class=\"wp-block-social-links has-large-icon-size has-icon-color has-icon-background-color is-content-justification-center is-layout-flex wp-container-core-social-links-is-layout-16018d1d wp-block-social-links-is-layout-flex\"><li style=\"color:#000000;background-color:#fcb900;\" class=\"wp-social-link wp-social-link-facebook has-black-color has-luminous-vivid-amber-background-color wp-block-social-link\"><a href=\"https:\/\/www.facebook.com\/apfel.arena.makarska.half.marathon\" class=\"wp-block-social-link-anchor\" target=\"_blank\" rel=\"noopener\"><svg width=\"24\" height=\"24\" viewbox=\"0 0 24 24\" version=\"1.1\" xmlns=\"http:\/\/www.w3.org\/2000\/svg\" aria-hidden=\"true\" focusable=\"false\"><path d=\"M12 2C6.5 2 2 6.5 2 12c0 5 3.7 9.1 8.4 9.9v-7H7.9V12h2.5V9.8c0-2.5 1.5-3.9 3.8-3.9 1.1 0 2.2.2 2.2.2v2.5h-1.3c-1.2 0-1.6.8-1.6 1.6V12h2.8l-.4 2.9h-2.3v7C18.3 21.1 22 17 22 12c0-5.5-4.5-10-10-10z\"><\/path><\/svg><span class=\"wp-block-social-link-label screen-reader-text\">Facebook<\/span><\/a><\/li>\n\n<li style=\"color:#000000;background-color:#fcb900;\" class=\"wp-social-link wp-social-link-instagram has-black-color has-luminous-vivid-amber-background-color wp-block-social-link\"><a href=\"https:\/\/www.instagram.com\/apfelarena\/?hl=hr\" class=\"wp-block-social-link-anchor\" target=\"_blank\" rel=\"noopener\"><svg width=\"24\" height=\"24\" viewbox=\"0 0 24 24\" version=\"1.1\" xmlns=\"http:\/\/www.w3.org\/2000\/svg\" aria-hidden=\"true\" focusable=\"false\"><path d=\"M12,4.622c2.403,0,2.688,0.009,3.637,0.052c0.877,0.04,1.354,0.187,1.671,0.31c0.42,0.163,0.72,0.358,1.035,0.673 c0.315,0.315,0.51,0.615,0.673,1.035c0.123,0.317,0.27,0.794,0.31,1.671c0.043,0.949,0.052,1.234,0.052,3.637 s-0.009,2.688-0.052,3.637c-0.04,0.877-0.187,1.354-0.31,1.671c-0.163,0.42-0.358,0.72-0.673,1.035 c-0.315,0.315-0.615,0.51-1.035,0.673c-0.317,0.123-0.794,0.27-1.671,0.31c-0.949,0.043-1.233,0.052-3.637,0.052 s-2.688-0.009-3.637-0.052c-0.877-0.04-1.354-0.187-1.671-0.31c-0.42-0.163-0.72-0.358-1.035-0.673 c-0.315-0.315-0.51-0.615-0.673-1.035c-0.123-0.317-0.27-0.794-0.31-1.671C4.631,14.688,4.622,14.403,4.622,12 s0.009-2.688,0.052-3.637c0.04-0.877,0.187-1.354,0.31-1.671c0.163-0.42,0.358-0.72,0.673-1.035 c0.315-0.315,0.615-0.51,1.035-0.673c0.317-0.123,0.794-0.27,1.671-0.31C9.312,4.631,9.597,4.622,12,4.622 M12,3 C9.556,3,9.249,3.01,8.289,3.054C7.331,3.098,6.677,3.25,6.105,3.472C5.513,3.702,5.011,4.01,4.511,4.511 c-0.5,0.5-0.808,1.002-1.038,1.594C3.25,6.677,3.098,7.331,3.054,8.289C3.01,9.249,3,9.556,3,12c0,2.444,0.01,2.751,0.054,3.711 c0.044,0.958,0.196,1.612,0.418,2.185c0.23,0.592,0.538,1.094,1.038,1.594c0.5,0.5,1.002,0.808,1.594,1.038 c0.572,0.222,1.227,0.375,2.185,0.418C9.249,20.99,9.556,21,12,21s2.751-0.01,3.711-0.054c0.958-0.044,1.612-0.196,2.185-0.418 c0.592-0.23,1.094-0.538,1.594-1.038c0.5-0.5,0.808-1.002,1.038-1.594c0.222-0.572,0.375-1.227,0.418-2.185 C20.99,14.751,21,14.444,21,12s-0.01-2.751-0.054-3.711c-0.044-0.958-0.196-1.612-0.418-2.185c-0.23-0.592-0.538-1.094-1.038-1.594 c-0.5-0.5-1.002-0.808-1.594-1.038c-0.572-0.222-1.227-0.375-2.185-0.418C14.751,3.01,14.444,3,12,3L12,3z M12,7.378 c-2.552,0-4.622,2.069-4.622,4.622S9.448,16.622,12,16.622s4.622-2.069,4.622-4.622S14.552,7.378,12,7.378z M12,15 c-1.657,0-3-1.343-3-3s1.343-3,3-3s3,1.343,3,3S13.657,15,12,15z M16.804,6.116c-0.596,0-1.08,0.484-1.08,1.08 s0.484,1.08,1.08,1.08c0.596,0,1.08-0.484,1.08-1.08S17.401,6.116,16.804,6.116z\"><\/path><\/svg><span class=\"wp-block-social-link-label screen-reader-text\">Instagram<\/span><\/a><\/li><\/ul>\n\n\n\n<p><\/p>","protected":false},"excerpt":{"rendered":"<p>U subotu, 26.10., i nedjelju, 27. 10., odr\u017eava se tre\u0107i po redu Apfel Arena Makarska Half Maraton! Prvog dana donosi nam utrku na pet kilometara i dje\u010dje utrke, a drugi&hellip;&nbsp;<a href=\"https:\/\/makarska-info.hr\/en\/apfel-arena-makarska-half-marathon\/\" rel=\"bookmark\">Read More &raquo;<span class=\"screen-reader-text\">Apfel Arena Makarska Half Marathon<\/span><\/a><\/p>","protected":false},"author":1,"featured_media":0,"comment_status":"closed","ping_status":"","sticky":false,"template":"","format":"standard","meta":{"neve_meta_sidebar":"","neve_meta_container":"","neve_meta_enable_content_width":"","neve_meta_content_width":0,"neve_meta_title_alignment":"","neve_meta_author_avatar":"","neve_post_elements_order":"","neve_meta_disable_header":"","neve_meta_disable_footer":"","neve_meta_disable_title":"","footnotes":""},"categories":[10],"tags":[134,64,135],"class_list":["post-7022","post","type-post","status-publish","format-standard","hentry","category-objave","tag-apfel-arena","tag-makarska","tag-maraton"],"_links":{"self":[{"href":"https:\/\/makarska-info.hr\/en\/wp-json\/wp\/v2\/posts\/7022","targetHints":{"allow":["GET"]}}],"collection":[{"href":"https:\/\/makarska-info.hr\/en\/wp-json\/wp\/v2\/posts"}],"about":[{"href":"https:\/\/makarska-info.hr\/en\/wp-json\/wp\/v2\/types\/post"}],"author":[{"embeddable":true,"href":"https:\/\/makarska-info.hr\/en\/wp-json\/wp\/v2\/users\/1"}],"replies":[{"embeddable":true,"href":"https:\/\/makarska-info.hr\/en\/wp-json\/wp\/v2\/comments?post=7022"}],"version-history":[{"count":7,"href":"https:\/\/makarska-info.hr\/en\/wp-json\/wp\/v2\/posts\/7022\/revisions"}],"predecessor-version":[{"id":7036,"href":"https:\/\/makarska-info.hr\/en\/wp-json\/wp\/v2\/posts\/7022\/revisions\/7036"}],"wp:attachment":[{"href":"https:\/\/makarska-info.hr\/en\/wp-json\/wp\/v2\/media?parent=7022"}],"wp:term":[{"taxonomy":"category","embeddable":true,"href":"https:\/\/makarska-info.hr\/en\/wp-json\/wp\/v2\/categories?post=7022"},{"taxonomy":"post_tag","embeddable":true,"href":"https:\/\/makarska-info.hr\/en\/wp-json\/wp\/v2\/tags?post=7022"}],"curies":[{"name":"wp","href":"https:\/\/api.w.org\/{rel}","templated":true}]}}