{"id":7068,"date":"2024-10-31T12:17:23","date_gmt":"2024-10-31T11:17:23","guid":{"rendered":"https:\/\/makarska-info.hr\/?p=7068"},"modified":"2024-10-31T12:17:23","modified_gmt":"2024-10-31T11:17:23","slug":"predstavljanje-knjige-mandragora-na-biokovu-i-crni-pas-urednika-marinka-tomasovica","status":"publish","type":"post","link":"https:\/\/makarska-info.hr\/en\/predstavljanje-knjige-mandragora-na-biokovu-i-crni-pas-urednika-marinka-tomasovica\/","title":{"rendered":"Predstavljanje knjige \u201cMandragora na Biokovu i crni pas\u201d urednika Marinka Tomasovi\u0107a"},"content":{"rendered":"<p><strong>Gradska knji\u017enica Makarska i Gradski muzej Makarska<\/strong> pozivaju na predstavljanje knjige<strong> \u201cMandragora na Biokovu i crni pas\u201d urednika Marinka Tomasovi\u0107a<\/strong>, prerano preminulog arheologa, povjesni\u010dara umjetnosti i dugogodi\u0161njeg ravnatelja Gradskog muzeja Makarska.<\/p>\n\n\n\n<p>Predstavljanje knjige na programu je <strong>utorak 05. studenoga 2024.u 18:30 sati u dvorani Arte.<\/strong><\/p>\n\n\n\n<p>Knjigu \u0107e u ime izdava\u010da predstaviti ravnateljica Gradske knji\u017enice<strong> Ana Duvnjak<\/strong> i ravnatelj Gradskog muzeja<strong> Josip Karamati\u0107<\/strong>, a o knjizi \u0107e govoriti <strong>prof. Ante \u0160krabi\u0107<\/strong> i ilustrator <strong>Duje Medi\u0107.<\/strong><\/p>\n\n\n\n<figure class=\"wp-block-image size-large\"><a href=\"https:\/\/makarska-info.hr\/wp-content\/uploads\/2024\/10\/Mandragora_instagram_post_novo.jpg\"><img decoding=\"async\" src=\"https:\/\/makarska-info.hr\/wp-content\/uploads\/2024\/10\/Mandragora_instagram_post_novo-1024x1024.jpg\" alt=\"\" class=\"wp-image-7069\"\/><\/a><\/figure>\n\n\n\n<p><strong>Mandragora<\/strong> je jedna od najpoznatijih i najkontroverznijih biljaka u povijesti, rasprostranjena u podru\u010dju jugo-isto\u010dnog Mediterana. Danas je u Europi, pa i kod nas na popisu strogo za\u0161ti\u0107enih zavi\u010dajnih divljih svojti.<\/p>\n\n\n\n<p>U mnogim povijesnim zapisima koji datiraju jo\u0161 iz anti\u010dkih vremena opisana su njezina ljekovita svojstva i mogu\u0107nosti kori\u0161tenja, ali i razli\u010diti mitovi i ritualna upotreba u bizarnim obredima i ceremonijama vezanim za stjecanje razli\u010ditih vidova blagostanja, uklju\u010duju\u0107i materijalno i ljubavno.<\/p>\n\n\n\n<p><strong>Mandragora<\/strong> je popularna zbog svojeg korijena, \u010diji izgled podsje\u0107a na \u010dovjeka, koji se najvi\u0161e koristio u magi\u010dne svrhe i kao amajlija. Smatralo se da biljka posjeduje magi\u010dne mo\u0107i ali i da ju opsjeda sam vrag.<\/p>\n\n\n\n<p>Ova biljka svojom je mistikom dotaknula i na\u0161e krajeve, a pri\u010du koju je ispri\u010dao starac u \u010dije se rije\u010di nije sumnjalo zabilje\u017eio je <strong>Ante \u0160krabi\u0107<\/strong>, uredio <strong>Marinko Tomasovi\u0107<\/strong>, a ilustrirao <strong>Duje Medi\u0107<\/strong>.<\/p>\n\n\n\n<p><\/p>","protected":false},"excerpt":{"rendered":"<p>Gradska knji\u017enica Makarska i Gradski muzej Makarska pozivaju na predstavljanje knjige \u201cMandragora na Biokovu i crni pas\u201d urednika Marinka Tomasovi\u0107a, prerano preminulog arheologa, povjesni\u010dara umjetnosti i dugogodi\u0161njeg ravnatelja Gradskog muzeja&hellip;&nbsp;<a href=\"https:\/\/makarska-info.hr\/en\/predstavljanje-knjige-mandragora-na-biokovu-i-crni-pas-urednika-marinka-tomasovica\/\" rel=\"bookmark\">Read More &raquo;<span class=\"screen-reader-text\">Predstavljanje knjige \u201cMandragora na Biokovu i crni pas\u201d urednika Marinka Tomasovi\u0107a<\/span><\/a><\/p>","protected":false},"author":1,"featured_media":0,"comment_status":"closed","ping_status":"","sticky":false,"template":"","format":"standard","meta":{"neve_meta_sidebar":"","neve_meta_container":"","neve_meta_enable_content_width":"","neve_meta_content_width":0,"neve_meta_title_alignment":"","neve_meta_author_avatar":"","neve_post_elements_order":"","neve_meta_disable_header":"","neve_meta_disable_footer":"","neve_meta_disable_title":"","footnotes":""},"categories":[10],"tags":[64,140],"class_list":["post-7068","post","type-post","status-publish","format-standard","hentry","category-objave","tag-makarska","tag-predstavljanje-knjige"],"_links":{"self":[{"href":"https:\/\/makarska-info.hr\/en\/wp-json\/wp\/v2\/posts\/7068","targetHints":{"allow":["GET"]}}],"collection":[{"href":"https:\/\/makarska-info.hr\/en\/wp-json\/wp\/v2\/posts"}],"about":[{"href":"https:\/\/makarska-info.hr\/en\/wp-json\/wp\/v2\/types\/post"}],"author":[{"embeddable":true,"href":"https:\/\/makarska-info.hr\/en\/wp-json\/wp\/v2\/users\/1"}],"replies":[{"embeddable":true,"href":"https:\/\/makarska-info.hr\/en\/wp-json\/wp\/v2\/comments?post=7068"}],"version-history":[{"count":1,"href":"https:\/\/makarska-info.hr\/en\/wp-json\/wp\/v2\/posts\/7068\/revisions"}],"predecessor-version":[{"id":7070,"href":"https:\/\/makarska-info.hr\/en\/wp-json\/wp\/v2\/posts\/7068\/revisions\/7070"}],"wp:attachment":[{"href":"https:\/\/makarska-info.hr\/en\/wp-json\/wp\/v2\/media?parent=7068"}],"wp:term":[{"taxonomy":"category","embeddable":true,"href":"https:\/\/makarska-info.hr\/en\/wp-json\/wp\/v2\/categories?post=7068"},{"taxonomy":"post_tag","embeddable":true,"href":"https:\/\/makarska-info.hr\/en\/wp-json\/wp\/v2\/tags?post=7068"}],"curies":[{"name":"wp","href":"https:\/\/api.w.org\/{rel}","templated":true}]}}