{"id":8000,"date":"2024-12-03T10:33:13","date_gmt":"2024-12-03T09:33:13","guid":{"rendered":"https:\/\/makarska-info.hr\/?p=8000"},"modified":"2024-12-03T10:35:26","modified_gmt":"2024-12-03T09:35:26","slug":"advent-u-makarskoj-je-otvoren-u-petak-koncert-jelene-rozge-i-bogat-program","status":"publish","type":"post","link":"https:\/\/makarska-info.hr\/en\/advent-u-makarskoj-je-otvoren-u-petak-koncert-jelene-rozge-i-bogat-program\/","title":{"rendered":"Advent u Makarskoj je otvoren: U petak koncert Jelene Rozge i bogat program!"},"content":{"rendered":"<p><strong>1.12. <\/strong>Makarska je slu\u017ebeno zapo\u010dela blagdansko razdoblje sve\u010danim paljenjem prve adventske svije\u0107e na Ka\u010di\u0107evu trgu. Nakon svete mise, trg je zasjao uz prekrasne zvuke tradicionalnih kolendi koje je izvela <strong>FA Tempet<\/strong>, a cijeli grad obasjale su tisu\u0107e blagdanskih lampica. Adventske ku\u0107ice bile su prepune posjetitelja koji su u\u017eivali u blagdanskoj ponudi hrane, pi\u0107a i toplih napitaka. Za veselu zavr\u0161nicu ve\u010deri pobrinuo se <strong>DJ Spaji\u0107<\/strong>, koji je dodatno zagrijao atmosferu svojim glazbenim ritmovima.<\/p>\n\n\n\n<p>Adventski program se nastavlja ovog petka, <strong>6. prosinca<\/strong>, kada nas o\u010dekuje pravo blagdansko veselje! Program po\u010dinje u 16:00 sati <strong>otvorenjem Malog Adventa<\/strong>, <strong>uz dolazak Svetog Nikole, veselog vilenjaka \u0160arenka i gostiju iznena\u0111enja, te otvaranje iglooa Djeda Bo\u017ei\u0107njaka i klizali\u0161ta na Trgu Tina Ujevi\u0107a.<\/strong><\/p>\n\n\n\n<div class=\"wp-block-columns is-layout-flex wp-container-core-columns-is-layout-9d6595d7 wp-block-columns-is-layout-flex\">\n<div class=\"wp-block-column is-layout-flow wp-block-column-is-layout-flow\" style=\"flex-basis:100%\">\n<figure class=\"wp-block-gallery has-nested-images columns-default is-cropped wp-block-gallery-1 is-layout-flex wp-block-gallery-is-layout-flex\">\n<figure class=\"wp-block-image size-large\"><img fetchpriority=\"high\" decoding=\"async\" width=\"1024\" height=\"684\" data-id=\"8001\" src=\"https:\/\/makarska-info.hr\/wp-content\/uploads\/2024\/12\/image_123650291-1024x684.jpg\" alt=\"\" class=\"wp-image-8001\" srcset=\"https:\/\/makarska-info.hr\/wp-content\/uploads\/2024\/12\/image_123650291-1024x684.jpg 1024w, https:\/\/makarska-info.hr\/wp-content\/uploads\/2024\/12\/image_123650291-300x201.jpg 300w, https:\/\/makarska-info.hr\/wp-content\/uploads\/2024\/12\/image_123650291-768x513.jpg 768w, https:\/\/makarska-info.hr\/wp-content\/uploads\/2024\/12\/image_123650291.jpg 1490w\" sizes=\"(max-width: 1024px) 100vw, 1024px\" \/><\/figure>\n\n\n\n<figure class=\"wp-block-image size-large\"><img decoding=\"async\" data-id=\"8002\" src=\"https:\/\/makarska-info.hr\/wp-content\/uploads\/2024\/12\/dd-1024x683.jpg\" alt=\"\" class=\"wp-image-8002\"\/><\/figure>\n<\/figure>\n<\/div>\n<\/div>\n\n\n\n<p>Vrhunac ve\u010deri slijedi u 20:00 sati, kada \u0107e na pozornici nastupiti <strong>Jelena Rozga<\/strong>, koja \u0107e Makarsku rasplesati svojim najve\u0107im hitovima i donijeti nezaboravnu blagdansku atmosferu.<\/p>\n\n\n\n<p>Ne zaboravite, <strong>adventske ku\u0107ice rade svaki dan od 10:00 do 23:00, a vikendom do 00:00<\/strong> \u2013 savr\u0161eno mjesto za u\u017eivanje u blagdanskoj ponudi.<\/p>\n\n\n\n<p>Makarska je spremna za nezaboravne blagdane \u2013 pridru\u017eite nam se na Ka\u010di\u0107evu trgu i postanite dio ove blagdanske \u010darolije!<\/p>\n\n\n\n<div class=\"wp-block-buttons has-white-background-color has-background is-content-justification-center is-layout-flex wp-container-core-buttons-is-layout-fa15cb4f wp-block-buttons-is-layout-flex\">\n<div class=\"wp-block-button\"><a class=\"wp-block-button__link has-vivid-red-background-color has-background has-text-align-center wp-element-button\" href=\"https:\/\/makarska-info.hr\/en\/adventmakarska2024\/\" style=\"border-radius:61px\"><strong>KALENDAR DOGA\u0110ANJA<\/strong><\/a><\/div>\n<\/div>\n\n\n\n<p><\/p>\n\n\n\n<ul class=\"wp-block-social-links aligncenter has-large-icon-size has-icon-background-color is-layout-flex wp-block-social-links-is-layout-flex\"><li style=\"background-color:#555555;\" class=\"wp-social-link wp-social-link-facebook  wp-block-social-link\"><a href=\"https:\/\/www.facebook.com\/bozicnigrad.makarska\/?locale=hr_HR\" class=\"wp-block-social-link-anchor\" target=\"_blank\" rel=\"noopener\"><svg width=\"24\" height=\"24\" viewbox=\"0 0 24 24\" version=\"1.1\" xmlns=\"http:\/\/www.w3.org\/2000\/svg\" aria-hidden=\"true\" focusable=\"false\"><path d=\"M12 2C6.5 2 2 6.5 2 12c0 5 3.7 9.1 8.4 9.9v-7H7.9V12h2.5V9.8c0-2.5 1.5-3.9 3.8-3.9 1.1 0 2.2.2 2.2.2v2.5h-1.3c-1.2 0-1.6.8-1.6 1.6V12h2.8l-.4 2.9h-2.3v7C18.3 21.1 22 17 22 12c0-5.5-4.5-10-10-10z\"><\/path><\/svg><span class=\"wp-block-social-link-label screen-reader-text\">Facebook<\/span><\/a><\/li>\n\n<li style=\"background-color:#555555;\" class=\"wp-social-link wp-social-link-instagram  wp-block-social-link\"><a href=\"https:\/\/www.instagram.com\/adventmakarska\/\" class=\"wp-block-social-link-anchor\" target=\"_blank\" rel=\"noopener\"><svg width=\"24\" height=\"24\" viewbox=\"0 0 24 24\" version=\"1.1\" xmlns=\"http:\/\/www.w3.org\/2000\/svg\" aria-hidden=\"true\" focusable=\"false\"><path d=\"M12,4.622c2.403,0,2.688,0.009,3.637,0.052c0.877,0.04,1.354,0.187,1.671,0.31c0.42,0.163,0.72,0.358,1.035,0.673 c0.315,0.315,0.51,0.615,0.673,1.035c0.123,0.317,0.27,0.794,0.31,1.671c0.043,0.949,0.052,1.234,0.052,3.637 s-0.009,2.688-0.052,3.637c-0.04,0.877-0.187,1.354-0.31,1.671c-0.163,0.42-0.358,0.72-0.673,1.035 c-0.315,0.315-0.615,0.51-1.035,0.673c-0.317,0.123-0.794,0.27-1.671,0.31c-0.949,0.043-1.233,0.052-3.637,0.052 s-2.688-0.009-3.637-0.052c-0.877-0.04-1.354-0.187-1.671-0.31c-0.42-0.163-0.72-0.358-1.035-0.673 c-0.315-0.315-0.51-0.615-0.673-1.035c-0.123-0.317-0.27-0.794-0.31-1.671C4.631,14.688,4.622,14.403,4.622,12 s0.009-2.688,0.052-3.637c0.04-0.877,0.187-1.354,0.31-1.671c0.163-0.42,0.358-0.72,0.673-1.035 c0.315-0.315,0.615-0.51,1.035-0.673c0.317-0.123,0.794-0.27,1.671-0.31C9.312,4.631,9.597,4.622,12,4.622 M12,3 C9.556,3,9.249,3.01,8.289,3.054C7.331,3.098,6.677,3.25,6.105,3.472C5.513,3.702,5.011,4.01,4.511,4.511 c-0.5,0.5-0.808,1.002-1.038,1.594C3.25,6.677,3.098,7.331,3.054,8.289C3.01,9.249,3,9.556,3,12c0,2.444,0.01,2.751,0.054,3.711 c0.044,0.958,0.196,1.612,0.418,2.185c0.23,0.592,0.538,1.094,1.038,1.594c0.5,0.5,1.002,0.808,1.594,1.038 c0.572,0.222,1.227,0.375,2.185,0.418C9.249,20.99,9.556,21,12,21s2.751-0.01,3.711-0.054c0.958-0.044,1.612-0.196,2.185-0.418 c0.592-0.23,1.094-0.538,1.594-1.038c0.5-0.5,0.808-1.002,1.038-1.594c0.222-0.572,0.375-1.227,0.418-2.185 C20.99,14.751,21,14.444,21,12s-0.01-2.751-0.054-3.711c-0.044-0.958-0.196-1.612-0.418-2.185c-0.23-0.592-0.538-1.094-1.038-1.594 c-0.5-0.5-1.002-0.808-1.594-1.038c-0.572-0.222-1.227-0.375-2.185-0.418C14.751,3.01,14.444,3,12,3L12,3z M12,7.378 c-2.552,0-4.622,2.069-4.622,4.622S9.448,16.622,12,16.622s4.622-2.069,4.622-4.622S14.552,7.378,12,7.378z M12,15 c-1.657,0-3-1.343-3-3s1.343-3,3-3s3,1.343,3,3S13.657,15,12,15z M16.804,6.116c-0.596,0-1.08,0.484-1.08,1.08 s0.484,1.08,1.08,1.08c0.596,0,1.08-0.484,1.08-1.08S17.401,6.116,16.804,6.116z\"><\/path><\/svg><span class=\"wp-block-social-link-label screen-reader-text\">Instagram<\/span><\/a><\/li><\/ul>","protected":false},"excerpt":{"rendered":"<p>1.12. Makarska je slu\u017ebeno zapo\u010dela blagdansko razdoblje sve\u010danim paljenjem prve adventske svije\u0107e na Ka\u010di\u0107evu trgu. Nakon svete mise, trg je zasjao uz prekrasne zvuke tradicionalnih kolendi koje je izvela FA&hellip;&nbsp;<a href=\"https:\/\/makarska-info.hr\/en\/advent-u-makarskoj-je-otvoren-u-petak-koncert-jelene-rozge-i-bogat-program\/\" rel=\"bookmark\">Read More &raquo;<span class=\"screen-reader-text\">Advent u Makarskoj je otvoren: U petak koncert Jelene Rozge i bogat program!<\/span><\/a><\/p>","protected":false},"author":1,"featured_media":0,"comment_status":"closed","ping_status":"closed","sticky":false,"template":"","format":"standard","meta":{"neve_meta_sidebar":"","neve_meta_container":"","neve_meta_enable_content_width":"","neve_meta_content_width":0,"neve_meta_title_alignment":"","neve_meta_author_avatar":"","neve_post_elements_order":"","neve_meta_disable_header":"","neve_meta_disable_footer":"","neve_meta_disable_title":"","footnotes":""},"categories":[10],"tags":[51,64],"class_list":["post-8000","post","type-post","status-publish","format-standard","hentry","category-objave","tag-advent","tag-makarska"],"_links":{"self":[{"href":"https:\/\/makarska-info.hr\/en\/wp-json\/wp\/v2\/posts\/8000","targetHints":{"allow":["GET"]}}],"collection":[{"href":"https:\/\/makarska-info.hr\/en\/wp-json\/wp\/v2\/posts"}],"about":[{"href":"https:\/\/makarska-info.hr\/en\/wp-json\/wp\/v2\/types\/post"}],"author":[{"embeddable":true,"href":"https:\/\/makarska-info.hr\/en\/wp-json\/wp\/v2\/users\/1"}],"replies":[{"embeddable":true,"href":"https:\/\/makarska-info.hr\/en\/wp-json\/wp\/v2\/comments?post=8000"}],"version-history":[{"count":2,"href":"https:\/\/makarska-info.hr\/en\/wp-json\/wp\/v2\/posts\/8000\/revisions"}],"predecessor-version":[{"id":8005,"href":"https:\/\/makarska-info.hr\/en\/wp-json\/wp\/v2\/posts\/8000\/revisions\/8005"}],"wp:attachment":[{"href":"https:\/\/makarska-info.hr\/en\/wp-json\/wp\/v2\/media?parent=8000"}],"wp:term":[{"taxonomy":"category","embeddable":true,"href":"https:\/\/makarska-info.hr\/en\/wp-json\/wp\/v2\/categories?post=8000"},{"taxonomy":"post_tag","embeddable":true,"href":"https:\/\/makarska-info.hr\/en\/wp-json\/wp\/v2\/tags?post=8000"}],"curies":[{"name":"wp","href":"https:\/\/api.w.org\/{rel}","templated":true}]}}