{"id":8084,"date":"2024-12-13T11:10:02","date_gmt":"2024-12-13T10:10:02","guid":{"rendered":"https:\/\/makarska-info.hr\/?p=8084"},"modified":"2024-12-13T11:10:39","modified_gmt":"2024-12-13T10:10:39","slug":"bozicni-koncert-fa-tempet-kud-putalj-djecja-klapa-biokovo","status":"publish","type":"post","link":"https:\/\/makarska-info.hr\/en\/bozicni-koncert-fa-tempet-kud-putalj-djecja-klapa-biokovo\/","title":{"rendered":"Bo\u017ei\u0107ni koncert\/FA Tempet &amp; KUD Putalj &amp; dje\u010dja klapa Biokovo"},"content":{"rendered":"<p>Tradicionalni bo\u017ei\u0107ni koncert odr\u017eat \u0107e se <strong>21. prosinca<\/strong> u staroj franjeva\u010dkoj crkvi u Makarskoj, s po\u010detkom u 18 sati. Uz vokalnu skupinu <strong>FA Tempet<\/strong>, koncert \u0107e obogatiti i cijenjeni gosti, \u010dlanovi <strong>KUD-a Putalj<\/strong>, kao i <strong>makarska dje\u010dja klapa Biokovo<\/strong>.<\/p>\n\n\n\n<figure class=\"wp-block-image size-full is-resized\"><a href=\"https:\/\/makarska-info.hr\/wp-content\/uploads\/2024\/12\/1185-1750.jpg\"><img decoding=\"async\" src=\"https:\/\/makarska-info.hr\/wp-content\/uploads\/2024\/12\/1185-1750.jpg\" alt=\"\" class=\"wp-image-8085\" style=\"width:959px;height:auto\"\/><\/a><\/figure>\n\n\n\n<p>Osim \u0161to \u0107ete u\u017eivati u pjesmama koje bri\u0161u granice vremena i prostora, ova \u0107e ve\u010der biti jedinstvena prilika da vidite sve vrste narodnih no\u0161nji. Predstavit \u0107e se raznolikost i bogatstvo na\u0161e <strong>kulturne ba\u0161tine <\/strong>kroz svaki detalj pa\u017eljivo o\u010duvanih i izra\u0111enih odjevnih predmeta, koji nose pri\u010de generacija prije nas.<\/p>\n\n\n\n<div class=\"wp-block-buttons has-white-background-color has-background is-content-justification-center is-layout-flex wp-container-core-buttons-is-layout-fa15cb4f wp-block-buttons-is-layout-flex\">\n<div class=\"wp-block-button\"><a class=\"wp-block-button__link has-background has-text-align-center wp-element-button\" href=\"https:\/\/makarska-info.hr\/en\/adventmakarska2024\/\" style=\"border-radius:61px;background-color:#900000\"><strong>KALENDAR DOGA\u0110ANJA<\/strong><\/a><\/div>\n<\/div>","protected":false},"excerpt":{"rendered":"<p>Tradicionalni bo\u017ei\u0107ni koncert odr\u017eat \u0107e se 21. prosinca u staroj franjeva\u010dkoj crkvi u Makarskoj, s po\u010detkom u 18 sati. Uz vokalnu skupinu FA Tempet, koncert \u0107e obogatiti i cijenjeni gosti,&hellip;&nbsp;<a href=\"https:\/\/makarska-info.hr\/en\/bozicni-koncert-fa-tempet-kud-putalj-djecja-klapa-biokovo\/\" rel=\"bookmark\">Read More &raquo;<span class=\"screen-reader-text\">Bo\u017ei\u0107ni koncert\/FA Tempet &amp; KUD Putalj &amp; dje\u010dja klapa Biokovo<\/span><\/a><\/p>","protected":false},"author":1,"featured_media":0,"comment_status":"closed","ping_status":"closed","sticky":false,"template":"","format":"standard","meta":{"neve_meta_sidebar":"","neve_meta_container":"","neve_meta_enable_content_width":"","neve_meta_content_width":0,"neve_meta_title_alignment":"","neve_meta_author_avatar":"","neve_post_elements_order":"","neve_meta_disable_header":"","neve_meta_disable_footer":"","neve_meta_disable_title":"","footnotes":""},"categories":[10],"tags":[166,30,64],"class_list":["post-8084","post","type-post","status-publish","format-standard","hentry","category-objave","tag-fa-tempet","tag-koncert","tag-makarska"],"_links":{"self":[{"href":"https:\/\/makarska-info.hr\/en\/wp-json\/wp\/v2\/posts\/8084","targetHints":{"allow":["GET"]}}],"collection":[{"href":"https:\/\/makarska-info.hr\/en\/wp-json\/wp\/v2\/posts"}],"about":[{"href":"https:\/\/makarska-info.hr\/en\/wp-json\/wp\/v2\/types\/post"}],"author":[{"embeddable":true,"href":"https:\/\/makarska-info.hr\/en\/wp-json\/wp\/v2\/users\/1"}],"replies":[{"embeddable":true,"href":"https:\/\/makarska-info.hr\/en\/wp-json\/wp\/v2\/comments?post=8084"}],"version-history":[{"count":3,"href":"https:\/\/makarska-info.hr\/en\/wp-json\/wp\/v2\/posts\/8084\/revisions"}],"predecessor-version":[{"id":8088,"href":"https:\/\/makarska-info.hr\/en\/wp-json\/wp\/v2\/posts\/8084\/revisions\/8088"}],"wp:attachment":[{"href":"https:\/\/makarska-info.hr\/en\/wp-json\/wp\/v2\/media?parent=8084"}],"wp:term":[{"taxonomy":"category","embeddable":true,"href":"https:\/\/makarska-info.hr\/en\/wp-json\/wp\/v2\/categories?post=8084"},{"taxonomy":"post_tag","embeddable":true,"href":"https:\/\/makarska-info.hr\/en\/wp-json\/wp\/v2\/tags?post=8084"}],"curies":[{"name":"wp","href":"https:\/\/api.w.org\/{rel}","templated":true}]}}