{"id":8125,"date":"2024-12-20T17:57:04","date_gmt":"2024-12-20T16:57:04","guid":{"rendered":"https:\/\/makarska-info.hr\/?p=8125"},"modified":"2024-12-20T18:11:30","modified_gmt":"2024-12-20T17:11:30","slug":"odgoda-koncerta-nouvelle-vague","status":"publish","type":"post","link":"https:\/\/makarska-info.hr\/en\/odgoda-koncerta-nouvelle-vague\/","title":{"rendered":"Zbog Dana \u017ealosti u RH otkazan sutra\u0161nji program na Adventu Makarska"},"content":{"rendered":"<p>Zbog Dana \u017ealosti u Republici Hrvatskoj, progla\u0161enog zbog tragedije u zagreba\u010dkoj Osnovnoj \u0161koli Pre\u010dko, otkazuje se subotnji program na Adventu Makarska.<\/p>\n\n\n\n<figure class=\"wp-block-gallery has-nested-images columns-default is-cropped wp-block-gallery-1 is-layout-flex wp-block-gallery-is-layout-flex\">\n<figure class=\"wp-block-image size-full\"><a href=\"https:\/\/makarska-info.hr\/wp-content\/uploads\/2024\/12\/470902800_18277982251220566_5085772453513933707_n.jpg\"><img decoding=\"async\" data-id=\"8126\" src=\"https:\/\/makarska-info.hr\/wp-content\/uploads\/2024\/12\/470902800_18277982251220566_5085772453513933707_n.jpg\" alt=\"\" class=\"wp-image-8126\"\/><\/a><\/figure>\n<\/figure>\n\n\n\n<p>Otkazana je tako tinkerlab radionica za djecu dok je koncert Nouvelle Vague, koji su nave\u010der trebali nastupiti na Ka\u010di\u0107evom trgu, odgo\u0111en do novog datuma koji \u0107e biti poznat uskoro. Izra\u017eavamo iskrenu su\u0107ut i zahvaljujemo na razumijevanju.<\/p>\n\n\n\n<p><\/p>","protected":false},"excerpt":{"rendered":"<p>Zbog Dana \u017ealosti u Republici Hrvatskoj, progla\u0161enog zbog tragedije u zagreba\u010dkoj Osnovnoj \u0161koli Pre\u010dko, otkazuje se subotnji program na Adventu Makarska. Otkazana je tako tinkerlab radionica za djecu dok je&hellip;&nbsp;<a href=\"https:\/\/makarska-info.hr\/en\/odgoda-koncerta-nouvelle-vague\/\" rel=\"bookmark\">Read More &raquo;<span class=\"screen-reader-text\">Zbog Dana \u017ealosti u RH otkazan sutra\u0161nji program na Adventu Makarska<\/span><\/a><\/p>","protected":false},"author":1,"featured_media":0,"comment_status":"closed","ping_status":"closed","sticky":false,"template":"","format":"standard","meta":{"neve_meta_sidebar":"","neve_meta_container":"","neve_meta_enable_content_width":"","neve_meta_content_width":0,"neve_meta_title_alignment":"","neve_meta_author_avatar":"","neve_post_elements_order":"","neve_meta_disable_header":"","neve_meta_disable_footer":"","neve_meta_disable_title":"","footnotes":""},"categories":[10],"tags":[51,30,64,169],"class_list":["post-8125","post","type-post","status-publish","format-standard","hentry","category-objave","tag-advent","tag-koncert","tag-makarska","tag-nouvelle-vague"],"_links":{"self":[{"href":"https:\/\/makarska-info.hr\/en\/wp-json\/wp\/v2\/posts\/8125","targetHints":{"allow":["GET"]}}],"collection":[{"href":"https:\/\/makarska-info.hr\/en\/wp-json\/wp\/v2\/posts"}],"about":[{"href":"https:\/\/makarska-info.hr\/en\/wp-json\/wp\/v2\/types\/post"}],"author":[{"embeddable":true,"href":"https:\/\/makarska-info.hr\/en\/wp-json\/wp\/v2\/users\/1"}],"replies":[{"embeddable":true,"href":"https:\/\/makarska-info.hr\/en\/wp-json\/wp\/v2\/comments?post=8125"}],"version-history":[{"count":4,"href":"https:\/\/makarska-info.hr\/en\/wp-json\/wp\/v2\/posts\/8125\/revisions"}],"predecessor-version":[{"id":8132,"href":"https:\/\/makarska-info.hr\/en\/wp-json\/wp\/v2\/posts\/8125\/revisions\/8132"}],"wp:attachment":[{"href":"https:\/\/makarska-info.hr\/en\/wp-json\/wp\/v2\/media?parent=8125"}],"wp:term":[{"taxonomy":"category","embeddable":true,"href":"https:\/\/makarska-info.hr\/en\/wp-json\/wp\/v2\/categories?post=8125"},{"taxonomy":"post_tag","embeddable":true,"href":"https:\/\/makarska-info.hr\/en\/wp-json\/wp\/v2\/tags?post=8125"}],"curies":[{"name":"wp","href":"https:\/\/api.w.org\/{rel}","templated":true}]}}