{"id":8147,"date":"2024-12-24T09:39:21","date_gmt":"2024-12-24T08:39:21","guid":{"rendered":"https:\/\/makarska-info.hr\/?p=8147"},"modified":"2024-12-24T09:39:41","modified_gmt":"2024-12-24T08:39:41","slug":"sretan-bozic-i-uspjesna-nova-2025-godina","status":"publish","type":"post","link":"https:\/\/makarska-info.hr\/en\/sretan-bozic-i-uspjesna-nova-2025-godina\/","title":{"rendered":"Sretan Bo\u017ei\u0107 i uspje\u0161na Nova 2025. godina!"},"content":{"rendered":"<p><\/p>\n\n\n\n<figure class=\"wp-block-image size-full\"><a href=\"https:\/\/makarska-info.hr\/wp-content\/uploads\/2024\/12\/Cestitka-2.png\"><img fetchpriority=\"high\" decoding=\"async\" width=\"1550\" height=\"1039\" src=\"https:\/\/makarska-info.hr\/wp-content\/uploads\/2024\/12\/Cestitka-2.png\" alt=\"\" class=\"wp-image-8148\" srcset=\"https:\/\/makarska-info.hr\/wp-content\/uploads\/2024\/12\/Cestitka-2.png 1550w, https:\/\/makarska-info.hr\/wp-content\/uploads\/2024\/12\/Cestitka-2-300x201.png 300w, https:\/\/makarska-info.hr\/wp-content\/uploads\/2024\/12\/Cestitka-2-1024x686.png 1024w, https:\/\/makarska-info.hr\/wp-content\/uploads\/2024\/12\/Cestitka-2-768x515.png 768w, https:\/\/makarska-info.hr\/wp-content\/uploads\/2024\/12\/Cestitka-2-1536x1030.png 1536w\" sizes=\"(max-width: 1550px) 100vw, 1550px\" \/><\/a><\/figure>\n\n\n\n<p><\/p>","protected":false},"excerpt":{"rendered":"","protected":false},"author":1,"featured_media":8148,"comment_status":"closed","ping_status":"closed","sticky":false,"template":"","format":"standard","meta":{"neve_meta_sidebar":"","neve_meta_container":"","neve_meta_enable_content_width":"","neve_meta_content_width":0,"neve_meta_title_alignment":"","neve_meta_author_avatar":"","neve_post_elements_order":"","neve_meta_disable_header":"","neve_meta_disable_footer":"","neve_meta_disable_title":"","footnotes":""},"categories":[10],"tags":[],"class_list":["post-8147","post","type-post","status-publish","format-standard","has-post-thumbnail","hentry","category-objave"],"_links":{"self":[{"href":"https:\/\/makarska-info.hr\/en\/wp-json\/wp\/v2\/posts\/8147","targetHints":{"allow":["GET"]}}],"collection":[{"href":"https:\/\/makarska-info.hr\/en\/wp-json\/wp\/v2\/posts"}],"about":[{"href":"https:\/\/makarska-info.hr\/en\/wp-json\/wp\/v2\/types\/post"}],"author":[{"embeddable":true,"href":"https:\/\/makarska-info.hr\/en\/wp-json\/wp\/v2\/users\/1"}],"replies":[{"embeddable":true,"href":"https:\/\/makarska-info.hr\/en\/wp-json\/wp\/v2\/comments?post=8147"}],"version-history":[{"count":2,"href":"https:\/\/makarska-info.hr\/en\/wp-json\/wp\/v2\/posts\/8147\/revisions"}],"predecessor-version":[{"id":8150,"href":"https:\/\/makarska-info.hr\/en\/wp-json\/wp\/v2\/posts\/8147\/revisions\/8150"}],"wp:featuredmedia":[{"embeddable":true,"href":"https:\/\/makarska-info.hr\/en\/wp-json\/wp\/v2\/media\/8148"}],"wp:attachment":[{"href":"https:\/\/makarska-info.hr\/en\/wp-json\/wp\/v2\/media?parent=8147"}],"wp:term":[{"taxonomy":"category","embeddable":true,"href":"https:\/\/makarska-info.hr\/en\/wp-json\/wp\/v2\/categories?post=8147"},{"taxonomy":"post_tag","embeddable":true,"href":"https:\/\/makarska-info.hr\/en\/wp-json\/wp\/v2\/tags?post=8147"}],"curies":[{"name":"wp","href":"https:\/\/api.w.org\/{rel}","templated":true}]}}