{"id":8251,"date":"2025-01-03T14:26:33","date_gmt":"2025-01-03T13:26:33","guid":{"rendered":"https:\/\/makarska-info.hr\/?p=8251"},"modified":"2025-01-03T14:26:33","modified_gmt":"2025-01-03T13:26:33","slug":"makarsku-za-blagdane-24-25-posjetilo-1-800-gostiju","status":"publish","type":"post","link":"https:\/\/makarska-info.hr\/en\/makarsku-za-blagdane-24-25-posjetilo-1-800-gostiju\/","title":{"rendered":"Makarsku za blagdane 24\/25 posjetilo 1.800 gostiju"},"content":{"rendered":"<p>Odli\u010dne rezultate i trendove iz <strong>2024. godine<\/strong> potvr\u0111uje i turisti\u010dki promet ostvaren u Makarskoj tijekom\u00a0<strong>bo\u017ei\u0107nih i novogodi\u0161njih blagdana<\/strong>. Kroz bogat i dinami\u010dan\u00a0<strong>adventski program<\/strong>\u00a0s gotovo svakodnevnim doga\u0111anjima uz sudjelovanje eminentnih estradnih imena \u0161irokog raspona glazbenih \u017eanrova i lokalnih izvo\u0111a\u010da u cilju privla\u010denja publike svih uzrasta i razli\u010ditih glazbenih i drugih afiniteta u prosincu je na gradskim adventskim pozornicama osim nastupa doma\u0107ih snaga odr\u017eano osam velikih koncerata dok je na \u201eNajve\u0107em Malom Adventu\u201c osim svakodnevnih radosti klizali\u0161ta i dje\u010djeg iglua uprili\u010deno vi\u0161e od petnaest najmla\u0111oj publici prilago\u0111enih doga\u0111anja uz kulminaciju s vjerojatno najmasovnijim dje\u010djim do\u010dekom nove godine do sada i novogodi\u0161njim koncertom koji je dupkom ispunio glavni gradski trg i okolne ulice.<\/p>\n\n\n\n<p>Prema preliminarnim i jo\u0161 uvijek ne u potpunosti a\u017eurnim podacima u blagdanskom razdoblju <strong>od 24. prosinca 2024. do 1. sije\u010dnja 2025.<\/strong>, zaklju\u010dno s no\u0107enjem s 31.12. na 01.01.,\u00a0u Makarskoj je boravilo\u00a0<strong>1.788 turista\u00a0<\/strong>koji su ostvarili <strong>4.745 no\u0107enja\u00a0<\/strong>\u0161to u odnosu na blagdane 2023.\/2024<strong>.<\/strong>\u00a0predstavlja\u00a0<strong>rast broja turista od 12,31 %<\/strong>\u00a0i\u00a0<strong>ostvarenih turisti\u010dkih no\u0107enja<\/strong>\u00a0<strong>od 14,31 %<\/strong>.<\/p>\n\n\n\n<p>Pozitivni trend rasta jo\u0161 vi\u0161e dolazi do izra\u017eaja kroz prizmu ostvarenih\u00a0<strong>turisti\u010dkih dolazaka<\/strong>\u00a0koji su u ovom slu\u010daju najbolji pokazatelj osnovnih motiva turisti\u010dkih posjeta na\u0161em gradu, a zabilje\u017eeno\u00a0<strong>pove\u0107anje\u00a0<\/strong>istih od <strong>15,63 %<\/strong>\u00a0u blagdanskom razdoblju pokazuje da se sinergijom turisti\u010dkih dionika uspjelo kreirati rast potra\u017enje za na\u0161om destinacijom u navedenom za na\u0161e podneblje ipak izvansezonskom razdoblju, a pogotovo u svjetlu ovogodi\u0161njeg turisti\u010dki nepovoljnog rasporeda blagdana kada su i bo\u017ei\u0107ni i novogodi\u0161nji blagdani bili usred tjedna za razliku od prethodnih godina u kojima su se isti vezali na razdoblje vikenda.<\/p>\n\n\n\n<p>Inzistiranje na postepenom zaokretu od masovnog vremenski koncentriranog turizma prema turizmu vi\u0161e dodane vrijednosti u ljetnim mjesecima i vi\u0161egodi\u0161nja nastojanja za produljenjem sezone na vi\u0161e za to pogodnih blagdanskih razdoblja sigurno \u0107e se nastaviti i ubudu\u0107e, a redovno zabilje\u017eene dvoznamenkaste stope ostvarenog rasta turisti\u010dkog prometa u izvansezonskim razdobljima nas na to i obvezuju.<\/p>\n\n\n\n<p>Bitno je jo\u0161 napomenuti da je u odnosu na blagdansko razdoblje prethodne godine\u00a0<strong>jedina vrsta smje\u0161taja <\/strong>kod koje je zabilje\u017een pad ostvarenog prometa upravo ona najmanje regulirana tj. rije\u010d je <strong>nekomercijalnom smje\u0161taju<\/strong> kod kojeg je <strong>studijom turisti\u010dkih nosivih kapaciteta<\/strong> procijenjen godi\u0161nji turisti\u010dki promet minimalno u razini onog ostvarenog u objektima u doma\u0107instvu, a u blagdanskim razdobljima s obzirom na brojne vlasnike nekretnina s nama najbli\u017eih tr\u017ei\u0161ta iz susjednih dr\u017eava nekakva konzervativna procjena broja posjetitelja van slu\u017ebene statistike bi bila vi\u0161e od tisu\u0107u neprijavljenih osoba koji su promatranom razdoblju boravili u na\u0161em gradu.<\/p>\n\n\n\n<p>U odnosu na ostvareni turisti\u010dki promet za vrijeme blagdana 2022.\/2023. ostvarene su impresivne stope rasta u sve tri promatrane kategorije (no\u0107enja\u00a0<strong>+44,31 %<\/strong>, dolasci\u00a0<strong>+82,84 %<\/strong>, te broj turista\u00a0<strong>+63,59 %<\/strong>) te \u0107e iz tog razloga biti zanimljivo pratiti rezultate u narednoj godini prije svega da vidimo jeli mogu\u0107e nastaviti ovakav trend rasta turisti\u010dkog prometa.<\/p>\n\n\n\n<p>U razdoblju <strong>pred i za sam do\u010dek 2025.<\/strong> kada se i ostvari glavnina turisti\u010dkog prometa jer se bo\u017ei\u0107ni blagdani ipak ve\u0107inom provode u krugu obitelji te tradicionalno generiraju manje turisti\u010dkog prometa, stope rasta su i ne\u0161to vi\u0161e nego kroz cijelo blagdansko razdoblje, tako da je <strong>od 27. prosinca<\/strong> <strong>do 1. sije\u010dnja 2025.<\/strong>, zaklju\u010dno s no\u0107enjem s 31.12. na 01.01.,\u00a0u Makarskoj zabilje\u017eeno <strong>21,83 % vi\u0161e turista<\/strong> koji su ostvarili <strong>16,34 % vi\u0161e turisti\u010dkih no\u0107enja<\/strong> nego prethodne godine, a promatraju\u0107i cijeli <strong>prosinac <\/strong>tj. razdoblje odr\u017eavanja adventskog programa ostvaren je rast u sve tri promatrane kategorije turisti\u010dkog prometa.<\/p>\n\n\n\n<p>I na kraju je potrebno spomenuti da je u blagdanskom razdoblju najve\u0107i broj turista zabilje\u017een s tr\u017ei\u0161ta susjedne\u00a0<strong>Republike Slovenije<\/strong>\u00a0(530 turista), a slijede posjetitelji s na\u0161eg najbli\u017eeg tr\u017ei\u0161ta <strong>Republike<\/strong> <strong>Bosne i Hercegovine<\/strong> (gotovo 400 turista) i <strong>doma\u0107i gosti<\/strong> (370 turista) dok top 5 zatvaraju gosti iz <strong>Republike \u010ce\u0161ke<\/strong> i <strong>Republike Njema\u010dke<\/strong>.<\/p>\n\n\n\n<div class=\"wp-block-file\"><a id=\"wp-block-file--media-6834368e-b101-47c3-9780-e50106cfddba\" href=\"https:\/\/makarska-info.hr\/wp-content\/uploads\/2025\/01\/TURISTICKI-PROMET-24.-31.12.-I-27.-31.12.2024.-BLAGDANI.xls\">TURISTI\u010cKI PROMET 24.-31.12. I 27.-31.12.2024. BLAGDANI<\/a><a href=\"https:\/\/makarska-info.hr\/wp-content\/uploads\/2025\/01\/TURISTICKI-PROMET-24.-31.12.-I-27.-31.12.2024.-BLAGDANI.xls\" class=\"wp-block-file__button wp-element-button\" download aria-describedby=\"wp-block-file--media-6834368e-b101-47c3-9780-e50106cfddba\">Preuzmi<\/a><\/div>","protected":false},"excerpt":{"rendered":"<p>Odli\u010dne rezultate i trendove iz 2024. godine potvr\u0111uje i turisti\u010dki promet ostvaren u Makarskoj tijekom\u00a0bo\u017ei\u0107nih i novogodi\u0161njih blagdana. Kroz bogat i dinami\u010dan\u00a0adventski program\u00a0s gotovo svakodnevnim doga\u0111anjima uz sudjelovanje eminentnih estradnih&hellip;&nbsp;<a href=\"https:\/\/makarska-info.hr\/en\/makarsku-za-blagdane-24-25-posjetilo-1-800-gostiju\/\" rel=\"bookmark\">Read More &raquo;<span class=\"screen-reader-text\">Makarsku za blagdane 24\/25 posjetilo 1.800 gostiju<\/span><\/a><\/p>","protected":false},"author":2,"featured_media":8253,"comment_status":"closed","ping_status":"","sticky":false,"template":"","format":"standard","meta":{"neve_meta_sidebar":"","neve_meta_container":"","neve_meta_enable_content_width":"","neve_meta_content_width":0,"neve_meta_title_alignment":"","neve_meta_author_avatar":"","neve_post_elements_order":"","neve_meta_disable_header":"","neve_meta_disable_footer":"","neve_meta_disable_title":"","footnotes":""},"categories":[10],"tags":[171,88,64,87,172],"class_list":["post-8251","post","type-post","status-publish","format-standard","has-post-thumbnail","hentry","category-objave","tag-blagdani","tag-izvjestaj","tag-makarska","tag-statistika","tag-tzg-makarske"],"_links":{"self":[{"href":"https:\/\/makarska-info.hr\/en\/wp-json\/wp\/v2\/posts\/8251","targetHints":{"allow":["GET"]}}],"collection":[{"href":"https:\/\/makarska-info.hr\/en\/wp-json\/wp\/v2\/posts"}],"about":[{"href":"https:\/\/makarska-info.hr\/en\/wp-json\/wp\/v2\/types\/post"}],"author":[{"embeddable":true,"href":"https:\/\/makarska-info.hr\/en\/wp-json\/wp\/v2\/users\/2"}],"replies":[{"embeddable":true,"href":"https:\/\/makarska-info.hr\/en\/wp-json\/wp\/v2\/comments?post=8251"}],"version-history":[{"count":2,"href":"https:\/\/makarska-info.hr\/en\/wp-json\/wp\/v2\/posts\/8251\/revisions"}],"predecessor-version":[{"id":8255,"href":"https:\/\/makarska-info.hr\/en\/wp-json\/wp\/v2\/posts\/8251\/revisions\/8255"}],"wp:featuredmedia":[{"embeddable":true,"href":"https:\/\/makarska-info.hr\/en\/wp-json\/wp\/v2\/media\/8253"}],"wp:attachment":[{"href":"https:\/\/makarska-info.hr\/en\/wp-json\/wp\/v2\/media?parent=8251"}],"wp:term":[{"taxonomy":"category","embeddable":true,"href":"https:\/\/makarska-info.hr\/en\/wp-json\/wp\/v2\/categories?post=8251"},{"taxonomy":"post_tag","embeddable":true,"href":"https:\/\/makarska-info.hr\/en\/wp-json\/wp\/v2\/tags?post=8251"}],"curies":[{"name":"wp","href":"https:\/\/api.w.org\/{rel}","templated":true}]}}