{"id":8281,"date":"2025-01-17T10:24:36","date_gmt":"2025-01-17T09:24:36","guid":{"rendered":"https:\/\/makarska-info.hr\/?p=8281"},"modified":"2025-01-17T10:24:37","modified_gmt":"2025-01-17T09:24:37","slug":"maskare-u-makarskoj-pridruzite-se-najveselijim-danima-u-godini","status":"publish","type":"post","link":"https:\/\/makarska-info.hr\/en\/maskare-u-makarskoj-pridruzite-se-najveselijim-danima-u-godini\/","title":{"rendered":"Ma\u0161kare u Makarskoj: Pridru\u017eite se najveselijim danima u godini"},"content":{"rendered":"<p><strong>Makarska<\/strong> se i ove godine priprema za svoje tradicionalne ma\u0161kare, koje su tijekom gotovo tri desetlje\u0107a postale nezaobilazan dio gradskog \u017eivota i kulture. Ovaj doga\u0111aj, koji je <strong>prvi put odr\u017ean 1997. godine, <\/strong>donosi \u0161arenilo, veselje i kreativnost na ulice grada, okupljaju\u0107i mje\u0161tane i posjetitelje svih generacija.<\/p>\n\n\n\n<p>Program ovogodi\u0161njih ma\u0161kara po\u010dinje<strong> 7. velja\u010de <\/strong>simboli\u010dnom <strong>primopredajom klju\u010deva grada,<\/strong> kada \u0107e vlast preuzeti ma\u0161kare. Ovo sve\u010dano i zabavno otvaranje najavljuje niz doga\u0111anja koja \u0107e obilje\u017eiti najveselije razdoblje u godini. U nastavku programa, <strong>21. velja\u010de<\/strong>, djeca \u0107e imati priliku pokazati svoju kreativnost i u\u017eivati <strong>u dje\u010djem karnevalu<\/strong>, koji je osmi\u0161ljen da pru\u017ei nezaboravnu zabavu najmla\u0111ima i njihovim obiteljima.<\/p>\n\n\n\n<figure class=\"wp-block-image size-full is-resized\"><a href=\"https:\/\/makarska-info.hr\/wp-content\/uploads\/2025\/01\/Drustvenemaskare_.png\"><img fetchpriority=\"high\" decoding=\"async\" width=\"1080\" height=\"1350\" src=\"https:\/\/makarska-info.hr\/wp-content\/uploads\/2025\/01\/Drustvenemaskare_.png\" alt=\"\" class=\"wp-image-8282\" style=\"width:960px;height:auto\" srcset=\"https:\/\/makarska-info.hr\/wp-content\/uploads\/2025\/01\/Drustvenemaskare_.png 1080w, https:\/\/makarska-info.hr\/wp-content\/uploads\/2025\/01\/Drustvenemaskare_-240x300.png 240w, https:\/\/makarska-info.hr\/wp-content\/uploads\/2025\/01\/Drustvenemaskare_-819x1024.png 819w, https:\/\/makarska-info.hr\/wp-content\/uploads\/2025\/01\/Drustvenemaskare_-768x960.png 768w\" sizes=\"(max-width: 1080px) 100vw, 1080px\" \/><\/a><\/figure>\n\n\n\n<p>Posebna poslastica za djecu slijedi<strong> 24. velja\u010de,<\/strong> kada \u0107e <strong>Studio Suncokret<\/strong> <strong>u Apfel Areni<\/strong> izvesti predstavu <strong>&#8220;Pingvin u Hrvatskoj&#8221;<\/strong>. Rije\u010d je o edukativnom i zabavnom sadr\u017eaju koji \u0107e razveseliti sve prisutne, a ulaz na predstavu je besplatan.<\/p>\n\n\n\n<p>Zavr\u0161nica ovogodi\u0161njih ma\u0161kara predvi\u0111ena je za <strong>1. o\u017eujka<\/strong>, kada \u0107e se odr\u017eati<strong> velike zimske ma\u0161kare. <\/strong>Okupljanje sudionika povorke planirano je ispred hotela Meteor, nakon \u010dega slijedi \u0161arena povorka kroz grad. Vesela atmosfera nastavit \u0107e se u hotelu Miramare, gdje \u0107e se odr\u017eati zavr\u0161na zabava pod maskama.<\/p>\n\n\n\n<p>Svi zainteresirani za sudjelovanje u ma\u0161karanim povorkama svoje prijave mogu podnijeti u uredu Turisti\u010dke zajednice grada Makarske.<strong> Za dodatne informacije mo\u017eete kontaktirati ured na broj telefona 021\/612-002 ili mobitel 098\/265-679.<\/strong><\/p>\n\n\n\n<p>Ma\u0161kare u Makarskoj nisu samo tradicija, ve\u0107 i prilika za zajedni\u0161tvo, kreativnost i slavlje. Pozivamo sve gra\u0111ane i posjetitelje da se pridru\u017ee ovim veselim danima i u\u017eivaju u \u0161arenilu i radosti koje donose ma\u0161kare. \ud83e\udde1<\/p>","protected":false},"excerpt":{"rendered":"<p>Makarska se i ove godine priprema za svoje tradicionalne ma\u0161kare, koje su tijekom gotovo tri desetlje\u0107a postale nezaobilazan dio gradskog \u017eivota i kulture. Ovaj doga\u0111aj, koji je prvi put odr\u017ean&hellip;&nbsp;<a href=\"https:\/\/makarska-info.hr\/en\/maskare-u-makarskoj-pridruzite-se-najveselijim-danima-u-godini\/\" rel=\"bookmark\">Read More &raquo;<span class=\"screen-reader-text\">Ma\u0161kare u Makarskoj: Pridru\u017eite se najveselijim danima u godini<\/span><\/a><\/p>","protected":false},"author":1,"featured_media":8282,"comment_status":"closed","ping_status":"closed","sticky":false,"template":"","format":"standard","meta":{"neve_meta_sidebar":"","neve_meta_container":"","neve_meta_enable_content_width":"","neve_meta_content_width":0,"neve_meta_title_alignment":"","neve_meta_author_avatar":"","neve_post_elements_order":"","neve_meta_disable_header":"","neve_meta_disable_footer":"","neve_meta_disable_title":"","footnotes":""},"categories":[10],"tags":[59,64,174],"class_list":["post-8281","post","type-post","status-publish","format-standard","has-post-thumbnail","hentry","category-objave","tag-karneval","tag-makarska","tag-maskare"],"_links":{"self":[{"href":"https:\/\/makarska-info.hr\/en\/wp-json\/wp\/v2\/posts\/8281","targetHints":{"allow":["GET"]}}],"collection":[{"href":"https:\/\/makarska-info.hr\/en\/wp-json\/wp\/v2\/posts"}],"about":[{"href":"https:\/\/makarska-info.hr\/en\/wp-json\/wp\/v2\/types\/post"}],"author":[{"embeddable":true,"href":"https:\/\/makarska-info.hr\/en\/wp-json\/wp\/v2\/users\/1"}],"replies":[{"embeddable":true,"href":"https:\/\/makarska-info.hr\/en\/wp-json\/wp\/v2\/comments?post=8281"}],"version-history":[{"count":1,"href":"https:\/\/makarska-info.hr\/en\/wp-json\/wp\/v2\/posts\/8281\/revisions"}],"predecessor-version":[{"id":8283,"href":"https:\/\/makarska-info.hr\/en\/wp-json\/wp\/v2\/posts\/8281\/revisions\/8283"}],"wp:featuredmedia":[{"embeddable":true,"href":"https:\/\/makarska-info.hr\/en\/wp-json\/wp\/v2\/media\/8282"}],"wp:attachment":[{"href":"https:\/\/makarska-info.hr\/en\/wp-json\/wp\/v2\/media?parent=8281"}],"wp:term":[{"taxonomy":"category","embeddable":true,"href":"https:\/\/makarska-info.hr\/en\/wp-json\/wp\/v2\/categories?post=8281"},{"taxonomy":"post_tag","embeddable":true,"href":"https:\/\/makarska-info.hr\/en\/wp-json\/wp\/v2\/tags?post=8281"}],"curies":[{"name":"wp","href":"https:\/\/api.w.org\/{rel}","templated":true}]}}