{"id":8350,"date":"2025-02-04T14:50:25","date_gmt":"2025-02-04T13:50:25","guid":{"rendered":"https:\/\/makarska-info.hr\/?p=8350"},"modified":"2025-02-05T11:59:23","modified_gmt":"2025-02-05T10:59:23","slug":"poziv-na-iskaz-interesa-za-prvi-susret-kreatora-turistickih-dozivljaja-skrivene-dalmacije","status":"publish","type":"post","link":"https:\/\/makarska-info.hr\/en\/poziv-na-iskaz-interesa-za-prvi-susret-kreatora-turistickih-dozivljaja-skrivene-dalmacije\/","title":{"rendered":"Poziv na iskaz interesa za Prvi susret kreatora turisti\u010dkih do\u017eivljaja &#8220;Skrivene Dalmacije&#8221;"},"content":{"rendered":"<p><\/p>\n\n\n\n<p><strong>Splitsko-dalmatinska \u017eupanija<\/strong>, kroz projekt <strong>\u201eSkrivena Dalmacija\u201d<\/strong> Upravnog odjela za turizam, pomorstvo i promet, organizirat \u0107e tijekom 2025. godine tri doga\u0111anja \u010dija je svrha umre\u017eavanje i poticanje suradnje me\u0111u kreatorima turisti\u010dkih do\u017eivljaja u \u017eupaniji.&nbsp;<\/p>\n\n\n\n<p>Susreti \u0107e se odr\u017eavati u <strong>Centru za posjetitelje \u201eSkrivena Dalmacija\u201d u Dugopolju<\/strong>, s ciljem unapre\u0111enja suradnje, podizanja konkurentnosti i stvaranja novih turisti\u010dkih proizvoda me\u0111u dionicima u turizmu.<br>Naglasak susreta bit \u0107e na odr\u017eivim praksama, kao i na aktivnom, eno-gastro i kulturnom turizmu u priobalju i unutra\u0161njosti Splitsko-dalmatinske \u017eupanije.\u00a0<\/p>\n\n\n\n<p>Kroz tri organizirana susreta, sudionici \u0107e imati priliku umre\u017eavati se, razmjenjivati iskustva i ideje, te razvijati zajedni\u010dke projekte.<\/p>\n\n\n\n<p>Prvi susret, pod nazivom <strong>\u201e\u0160to na umu, to na drumu\u201d \u2013 Izazovi kreatora do\u017eivljaja<\/strong>, odr\u017eat \u0107e se u o\u017eujku 2025. godine. To\u010dan datum i vrijeme bit \u0107e definirani na temelju iskaza interesa sudionika.<br>S obzirom na ograni\u010den kapacitet od 30 sudionika po doga\u0111anju, pozivamo vas da se prijavite \u0161to je prije mogu\u0107e, najkasnije <strong>do 10. velja\u010de 2025. <\/strong>Na svakom susretu \u010detiri do pet sudionika imat \u0107e priliku predstaviti svoje proizvode i usluge.<br><br><\/p>\n\n\n\n<div class=\"wp-block-buttons has-custom-font-size has-medium-font-size is-content-justification-center is-layout-flex wp-container-core-buttons-is-layout-16018d1d wp-block-buttons-is-layout-flex\" style=\"border-radius:0px\">\n<div class=\"wp-block-button\"><a class=\"wp-block-button__link wp-element-button\" href=\"https:\/\/forms.gle\/TTZWhyb3jr1uK31w6\" style=\"border-radius:39px\" target=\"_blank\" rel=\"noopener\"><strong>PRIJAVA<\/strong><\/a><\/div>\n<\/div>","protected":false},"excerpt":{"rendered":"<p>Splitsko-dalmatinska \u017eupanija, kroz projekt \u201eSkrivena Dalmacija\u201d Upravnog odjela za turizam, pomorstvo i promet, organizirat \u0107e tijekom 2025. godine tri doga\u0111anja \u010dija je svrha umre\u017eavanje i poticanje suradnje me\u0111u kreatorima turisti\u010dkih&hellip;&nbsp;<a href=\"https:\/\/makarska-info.hr\/en\/poziv-na-iskaz-interesa-za-prvi-susret-kreatora-turistickih-dozivljaja-skrivene-dalmacije\/\" rel=\"bookmark\">Read More &raquo;<span class=\"screen-reader-text\">Poziv na iskaz interesa za Prvi susret kreatora turisti\u010dkih do\u017eivljaja &#8220;Skrivene Dalmacije&#8221;<\/span><\/a><\/p>","protected":false},"author":1,"featured_media":0,"comment_status":"closed","ping_status":"closed","sticky":false,"template":"","format":"standard","meta":{"neve_meta_sidebar":"","neve_meta_container":"","neve_meta_enable_content_width":"","neve_meta_content_width":0,"neve_meta_title_alignment":"","neve_meta_author_avatar":"","neve_post_elements_order":"","neve_meta_disable_header":"","neve_meta_disable_footer":"","neve_meta_disable_title":"","footnotes":""},"categories":[10],"tags":[],"class_list":["post-8350","post","type-post","status-publish","format-standard","hentry","category-objave"],"_links":{"self":[{"href":"https:\/\/makarska-info.hr\/en\/wp-json\/wp\/v2\/posts\/8350","targetHints":{"allow":["GET"]}}],"collection":[{"href":"https:\/\/makarska-info.hr\/en\/wp-json\/wp\/v2\/posts"}],"about":[{"href":"https:\/\/makarska-info.hr\/en\/wp-json\/wp\/v2\/types\/post"}],"author":[{"embeddable":true,"href":"https:\/\/makarska-info.hr\/en\/wp-json\/wp\/v2\/users\/1"}],"replies":[{"embeddable":true,"href":"https:\/\/makarska-info.hr\/en\/wp-json\/wp\/v2\/comments?post=8350"}],"version-history":[{"count":2,"href":"https:\/\/makarska-info.hr\/en\/wp-json\/wp\/v2\/posts\/8350\/revisions"}],"predecessor-version":[{"id":8361,"href":"https:\/\/makarska-info.hr\/en\/wp-json\/wp\/v2\/posts\/8350\/revisions\/8361"}],"wp:attachment":[{"href":"https:\/\/makarska-info.hr\/en\/wp-json\/wp\/v2\/media?parent=8350"}],"wp:term":[{"taxonomy":"category","embeddable":true,"href":"https:\/\/makarska-info.hr\/en\/wp-json\/wp\/v2\/categories?post=8350"},{"taxonomy":"post_tag","embeddable":true,"href":"https:\/\/makarska-info.hr\/en\/wp-json\/wp\/v2\/tags?post=8350"}],"curies":[{"name":"wp","href":"https:\/\/api.w.org\/{rel}","templated":true}]}}