{"id":8371,"date":"2025-02-06T13:58:14","date_gmt":"2025-02-06T12:58:14","guid":{"rendered":"https:\/\/makarska-info.hr\/?p=8371"},"modified":"2025-02-06T13:59:04","modified_gmt":"2025-02-06T12:59:04","slug":"maskare-preuzimaju-vlast-u-makarskoj-povijesno-primirje-ispred-zgrade-grada","status":"publish","type":"post","link":"https:\/\/makarska-info.hr\/en\/maskare-preuzimaju-vlast-u-makarskoj-povijesno-primirje-ispred-zgrade-grada\/","title":{"rendered":"Ma\u0161kare preuzimaju vlast u Makarskoj: Povijesno primirje ispred zgrade Grada"},"content":{"rendered":"<p><\/p>\n\n\n\n<p><strong>Sutra, 7. velja\u010de<\/strong>, s po\u010detkom <strong>u 11:00 sati <\/strong>ispred zgrade Grada Makarske, odr\u017eat \u0107e se sve\u010dana primopredaja klju\u010deva grada, kojom zapo\u010dinje vladavina ma\u0161kara. Ovaj tradicionalni doga\u0111aj ozna\u010dava po\u010detak najveselijeg razdoblja u godini, kada ulice na\u0161eg grada preplavljuju \u0161arenilo, smijeh i zabava.<\/p>\n\n\n\n<p>Ove godine, manifestacija \u0107e biti oboga\u0107ena posebnim gostima, koje \u0107e utjeloviti svjetske lidere poput <strong>Zelenskog, Putina, Trumpa i Melanije<\/strong>. O\u010dekuje nas jedinstvena prilika svjedo\u010diti \u201cpovijesnom primirju\u201d me\u0111u ovim likovima, \u0161to \u0107e zasigurno doprinijeti dodatnoj dozi humora i satire.<\/p>\n\n\n\n<figure class=\"wp-block-image size-full is-resized\"><a href=\"https:\/\/makarska-info.hr\/en\/2025\/01\/17\/maskare-u-makarskoj-pridruzite-se-najveselijim-danima-u-godini\/\"><img fetchpriority=\"high\" decoding=\"async\" width=\"1080\" height=\"1350\" src=\"https:\/\/makarska-info.hr\/wp-content\/uploads\/2025\/01\/Drustvenemaskare_.png\" alt=\"\" class=\"wp-image-8282\" style=\"width:960px;height:auto\" srcset=\"https:\/\/makarska-info.hr\/wp-content\/uploads\/2025\/01\/Drustvenemaskare_.png 1080w, https:\/\/makarska-info.hr\/wp-content\/uploads\/2025\/01\/Drustvenemaskare_-240x300.png 240w, https:\/\/makarska-info.hr\/wp-content\/uploads\/2025\/01\/Drustvenemaskare_-819x1024.png 819w, https:\/\/makarska-info.hr\/wp-content\/uploads\/2025\/01\/Drustvenemaskare_-768x960.png 768w\" sizes=\"(max-width: 1080px) 100vw, 1080px\" \/><\/a><\/figure>\n\n\n\n<p>Pozivamo sve gra\u0111ane i posjetitelje da nam se pridru\u017ee u ovom jedinstvenom doga\u0111aju, podr\u017ee ma\u0161kare i zajedno s nama proslave po\u010detak karnevalskih sve\u010danosti. Ponesite dobro raspolo\u017eenje, kreativne maske i pridru\u017eite se veselju koje nas o\u010dekuje. <strong>Neka vladavina ma\u0161kara zapo\u010dne uz smijeh, radost i zajedni\u0161tvo!<\/strong><\/p>\n\n\n\n<p><\/p>","protected":false},"excerpt":{"rendered":"<p>Sutra, 7. velja\u010de, s po\u010detkom u 11:00 sati ispred zgrade Grada Makarske, odr\u017eat \u0107e se sve\u010dana primopredaja klju\u010deva grada, kojom zapo\u010dinje vladavina ma\u0161kara. Ovaj tradicionalni doga\u0111aj ozna\u010dava po\u010detak najveselijeg razdoblja&hellip;&nbsp;<a href=\"https:\/\/makarska-info.hr\/en\/maskare-preuzimaju-vlast-u-makarskoj-povijesno-primirje-ispred-zgrade-grada\/\" rel=\"bookmark\">Read More &raquo;<span class=\"screen-reader-text\">Ma\u0161kare preuzimaju vlast u Makarskoj: Povijesno primirje ispred zgrade Grada<\/span><\/a><\/p>","protected":false},"author":1,"featured_media":8282,"comment_status":"closed","ping_status":"closed","sticky":false,"template":"","format":"standard","meta":{"neve_meta_sidebar":"","neve_meta_container":"","neve_meta_enable_content_width":"","neve_meta_content_width":0,"neve_meta_title_alignment":"","neve_meta_author_avatar":"","neve_post_elements_order":"","neve_meta_disable_header":"","neve_meta_disable_footer":"","neve_meta_disable_title":"","footnotes":""},"categories":[10],"tags":[59,64,174],"class_list":["post-8371","post","type-post","status-publish","format-standard","has-post-thumbnail","hentry","category-objave","tag-karneval","tag-makarska","tag-maskare"],"_links":{"self":[{"href":"https:\/\/makarska-info.hr\/en\/wp-json\/wp\/v2\/posts\/8371","targetHints":{"allow":["GET"]}}],"collection":[{"href":"https:\/\/makarska-info.hr\/en\/wp-json\/wp\/v2\/posts"}],"about":[{"href":"https:\/\/makarska-info.hr\/en\/wp-json\/wp\/v2\/types\/post"}],"author":[{"embeddable":true,"href":"https:\/\/makarska-info.hr\/en\/wp-json\/wp\/v2\/users\/1"}],"replies":[{"embeddable":true,"href":"https:\/\/makarska-info.hr\/en\/wp-json\/wp\/v2\/comments?post=8371"}],"version-history":[{"count":2,"href":"https:\/\/makarska-info.hr\/en\/wp-json\/wp\/v2\/posts\/8371\/revisions"}],"predecessor-version":[{"id":8373,"href":"https:\/\/makarska-info.hr\/en\/wp-json\/wp\/v2\/posts\/8371\/revisions\/8373"}],"wp:featuredmedia":[{"embeddable":true,"href":"https:\/\/makarska-info.hr\/en\/wp-json\/wp\/v2\/media\/8282"}],"wp:attachment":[{"href":"https:\/\/makarska-info.hr\/en\/wp-json\/wp\/v2\/media?parent=8371"}],"wp:term":[{"taxonomy":"category","embeddable":true,"href":"https:\/\/makarska-info.hr\/en\/wp-json\/wp\/v2\/categories?post=8371"},{"taxonomy":"post_tag","embeddable":true,"href":"https:\/\/makarska-info.hr\/en\/wp-json\/wp\/v2\/tags?post=8371"}],"curies":[{"name":"wp","href":"https:\/\/api.w.org\/{rel}","templated":true}]}}